{"id":5217,"date":"2021-10-09T06:30:00","date_gmt":"2021-10-09T11:30:00","guid":{"rendered":"https:\/\/pajareando.co\/?p=5217"},"modified":"2021-10-09T08:56:48","modified_gmt":"2021-10-09T13:56:48","slug":"el-turismo-como-una-alternativa-para-impulsar-las-maravillas-naturales-de-nuestro-departamento","status":"publish","type":"post","link":"https:\/\/pajareando.co\/index.php\/2021\/10\/09\/el-turismo-como-una-alternativa-para-impulsar-las-maravillas-naturales-de-nuestro-departamento\/","title":{"rendered":"El Turismo como una alternativa para impulsar las maravillas naturales de nuestro departamento."},"content":{"rendered":"<p>Hoy son m\u00e1s de 40 a\u00f1os celebrando el D\u00eda Internacional del Turismo, dando paso al lema 2021 \u2018Turismo Inclusivo para un crecimiento Inclusivo\u2019, el cual fue tomado por la Organizaci\u00f3n Mundial del Turismo (OMT) con el fin de crear conciencia acerca del valor social, cultural, pol\u00edtico y econ\u00f3mico que tiene ese sector en todo el mundo.<\/p>\n<p>En este sentido, resaltamos que el Turismo ha tenido un crecimiento considerable gracias al \u2018reconocimiento del derecho a las vacaciones en la Declaraci\u00f3n Universal de los Derechos Humanos, la aprobaci\u00f3n en muchos pa\u00edses de los derechos laborales y el crecimiento de la clase media\u2019<a href=\"#_ftn1\" name=\"_ftnref1\">[1]<\/a>.<\/p>\n<h4><span style=\"color: #339966;\"><b>\u00bfEn cu\u00e1l a\u00f1o se celebr\u00f3 por primera vez esta fecha?<\/b><\/span><\/h4>\n<p>Hacia 1980 se llev\u00f3 a cabo la primera celebraci\u00f3n del D\u00eda Mundial del Turismo luego de que las numerosas y relevantes contribuciones de este sector alentaran a las OMT para \u2018institucionalizar esta fecha en un encuentro que tuvo lugar en Espa\u00f1a, comenzando la primera celebraci\u00f3n del D\u00eda Internacional en el a\u00f1o 1980\u2019<a href=\"#_ftn1\" name=\"_ftnref1\">[2]<\/a>.<\/p>\n<h4><span style=\"color: #339966;\"><b>Celebremos y reconozcamos las clases de turismo<\/b><\/span><\/h4>\n<p>Dentro de esta actividad, en muchas ocasiones visitar o conocer un nuevo lugar no es el verdadero objetivo que contemplan los viajeros al momento de dirigirse a un destino. En este sentido, conozcamos cu\u00e1les son algunas de las clases de turismo que tenemos para escoger:<\/p>\n<p>-Turismo cultural<br>-Turismo rural<br>-Turismo de aventura<br>-Turismo deportivo<br>-Turismo de sol y playa<\/p>\n<p>Entre otros, encontramos tambi\u00e9n el Ecoturismo y Turismo Ornitol\u00f3gico, siendo este \u00faltimo enfocado en el \u2018avistamiento de aves en zonas en las que habitualmente habitan o se concentran en un momento concreto del a\u00f1o\u2019<a href=\"#_ftn1\" name=\"_ftnref1\">[3]<\/a>.<\/p>\n<h4><span style=\"color: #339966;\"><b>Viajemos y conozcamos aves de forma responsable<\/b><\/span><\/h4>\n<p>Tomar nuestra maleta y emprender un viaje significa conocer, no solo lugares y sus culturas, sino la biodiversidad de los diferentes tipos de aves que se encuentran en cada rinc\u00f3n del planeta.<\/p>\n<p>Sin embargo, el estado y bienestar de estos animales depende de c\u00f3mo conservemos su ecosistema. Esto se debe a que debemos ser \u2018conscientes y tomar una serie de precauciones cuando decidamos emprender este tipo de actividades tur\u00edsticas, no s\u00f3lo respecto a los animales sino tambi\u00e9n hacia su entorno\u2019<a href=\"#_ftn1\" name=\"_ftnref1\">[4]<\/a>.<\/p>\n<p>En este sentido, es de gran importancia tener en cuenta c\u00f3mo podemos cuidar del bienestar de las aves y sus ecosistemas durante nuestro recorrido tur\u00edstico. Entre estos, debemos evitar el uso excesivo de iluminaci\u00f3n con flashes y de m\u00e1s, pues estas podr\u00edan confundir a las aves y entorpecer su regreso al nido. Asimismo, no tomar a las aves con las manos o molestarlas, pues podr\u00edamos exponerlas a un riesgo innecesario.<\/p>\n<p>Entender el rol que el Turismo cumple en cada pa\u00eds, es reconocer la diversidad no solo cultural, sino medioambiental, pues cada naci\u00f3n cuenta con infinidad de ecosistemas que componen un entorno \u00fanico y preciado.<\/p>\n<p>La invitaci\u00f3n este a\u00f1o, y luego de ser golpeados por una pandemia, es a salir de nuestra zona de confort y retarnos a conocer cada rinc\u00f3n de nuestro planeta. Visitar los diferentes lugares que nuestro entorno nos ofrece, y as\u00ed apreciar las maravillas naturales que la conforman.<a href=\"#_ftnref1\" name=\"_ftn1\"><\/a><\/p>\n\n\n<figure class=\"wp-block-gallery aligncenter columns-3 is-cropped wp-block-gallery-1 is-layout-flex wp-block-gallery-is-layout-flex\"><ul class=\"blocks-gallery-grid\"><li class=\"blocks-gallery-item\"><figure><img loading=\"lazy\" decoding=\"async\" width=\"1024\" height=\"1024\" src=\"https:\/\/pajareando.co\/wp-content\/uploads\/2021\/09\/242087975_561684424874279_8865021964618145690_n-1024x1024.jpg\" alt=\"\" data-id=\"5220\" data-full-url=\"https:\/\/pajareando.co\/wp-content\/uploads\/2021\/09\/242087975_561684424874279_8865021964618145690_n.jpg\" data-link=\"https:\/\/pajareando.co\/?attachment_id=5220\" class=\"wp-image-5220\" srcset=\"https:\/\/pajareando.co\/wp-content\/uploads\/2021\/09\/242087975_561684424874279_8865021964618145690_n-1024x1024.jpg 1024w, https:\/\/pajareando.co\/wp-content\/uploads\/2021\/09\/242087975_561684424874279_8865021964618145690_n-300x300.jpg 300w, https:\/\/pajareando.co\/wp-content\/uploads\/2021\/09\/242087975_561684424874279_8865021964618145690_n-150x150.jpg 150w, https:\/\/pajareando.co\/wp-content\/uploads\/2021\/09\/242087975_561684424874279_8865021964618145690_n-768x768.jpg 768w, https:\/\/pajareando.co\/wp-content\/uploads\/2021\/09\/242087975_561684424874279_8865021964618145690_n-650x650.jpg 650w, https:\/\/pajareando.co\/wp-content\/uploads\/2021\/09\/242087975_561684424874279_8865021964618145690_n-600x600.jpg 600w, https:\/\/pajareando.co\/wp-content\/uploads\/2021\/09\/242087975_561684424874279_8865021964618145690_n-100x100.jpg 100w, https:\/\/pajareando.co\/wp-content\/uploads\/2021\/09\/242087975_561684424874279_8865021964618145690_n.jpg 1080w\" sizes=\"auto, (max-width: 1024px) 100vw, 1024px\" \/><\/figure><\/li><li class=\"blocks-gallery-item\"><figure><img loading=\"lazy\" decoding=\"async\" width=\"960\" height=\"958\" src=\"https:\/\/pajareando.co\/wp-content\/uploads\/2021\/09\/242298949_565075917868463_4540711438488664106_n.jpg\" alt=\"\" data-id=\"5221\" data-full-url=\"https:\/\/pajareando.co\/wp-content\/uploads\/2021\/09\/242298949_565075917868463_4540711438488664106_n.jpg\" data-link=\"https:\/\/pajareando.co\/?attachment_id=5221\" class=\"wp-image-5221\" srcset=\"https:\/\/pajareando.co\/wp-content\/uploads\/2021\/09\/242298949_565075917868463_4540711438488664106_n.jpg 960w, https:\/\/pajareando.co\/wp-content\/uploads\/2021\/09\/242298949_565075917868463_4540711438488664106_n-300x300.jpg 300w, https:\/\/pajareando.co\/wp-content\/uploads\/2021\/09\/242298949_565075917868463_4540711438488664106_n-150x150.jpg 150w, https:\/\/pajareando.co\/wp-content\/uploads\/2021\/09\/242298949_565075917868463_4540711438488664106_n-768x766.jpg 768w, https:\/\/pajareando.co\/wp-content\/uploads\/2021\/09\/242298949_565075917868463_4540711438488664106_n-650x650.jpg 650w, https:\/\/pajareando.co\/wp-content\/uploads\/2021\/09\/242298949_565075917868463_4540711438488664106_n-600x599.jpg 600w, https:\/\/pajareando.co\/wp-content\/uploads\/2021\/09\/242298949_565075917868463_4540711438488664106_n-100x100.jpg 100w\" sizes=\"auto, (max-width: 960px) 100vw, 960px\" \/><\/figure><\/li><li class=\"blocks-gallery-item\"><figure><img loading=\"lazy\" decoding=\"async\" width=\"1024\" height=\"1024\" src=\"https:\/\/pajareando.co\/wp-content\/uploads\/2021\/09\/242433885_563798714662850_2052858928270602708_n-1024x1024.jpg\" alt=\"\" data-id=\"5222\" data-full-url=\"https:\/\/pajareando.co\/wp-content\/uploads\/2021\/09\/242433885_563798714662850_2052858928270602708_n.jpg\" data-link=\"https:\/\/pajareando.co\/?attachment_id=5222\" class=\"wp-image-5222\" srcset=\"https:\/\/pajareando.co\/wp-content\/uploads\/2021\/09\/242433885_563798714662850_2052858928270602708_n-1024x1024.jpg 1024w, https:\/\/pajareando.co\/wp-content\/uploads\/2021\/09\/242433885_563798714662850_2052858928270602708_n-300x300.jpg 300w, https:\/\/pajareando.co\/wp-content\/uploads\/2021\/09\/242433885_563798714662850_2052858928270602708_n-150x150.jpg 150w, https:\/\/pajareando.co\/wp-content\/uploads\/2021\/09\/242433885_563798714662850_2052858928270602708_n-768x768.jpg 768w, https:\/\/pajareando.co\/wp-content\/uploads\/2021\/09\/242433885_563798714662850_2052858928270602708_n-650x650.jpg 650w, https:\/\/pajareando.co\/wp-content\/uploads\/2021\/09\/242433885_563798714662850_2052858928270602708_n-600x600.jpg 600w, https:\/\/pajareando.co\/wp-content\/uploads\/2021\/09\/242433885_563798714662850_2052858928270602708_n-100x100.jpg 100w, https:\/\/pajareando.co\/wp-content\/uploads\/2021\/09\/242433885_563798714662850_2052858928270602708_n.jpg 1080w\" sizes=\"auto, (max-width: 1024px) 100vw, 1024px\" \/><\/figure><\/li><\/ul><\/figure>\n\n\n\n<p>&nbsp;<\/p>\n\n\n\n<p><a href=\"#_ftnref1\">[1]<\/a> M\u00e1s de 40 a\u00f1os celebrando la importancia del sector. Recuperado de <a href=\"https:\/\/www.un.org\/es\/observances\/tourism-day\/background\">https:\/\/www.un.org\/es\/observances\/tourism-day\/background<\/a><\/p>\n\n\n\n<p><a href=\"#_ftnref1\">[2]<\/a> M\u00e1s de 40 a\u00f1os celebrando la importancia del sector. Recuperado de <a href=\"https:\/\/www.un.org\/es\/observances\/tourism-day\/background\">https:\/\/www.un.org\/es\/observances\/tourism-day\/background<\/a><\/p>\n\n\n\n<p><a href=\"#_ftnref1\">[3]<\/a> 56 Tipos de turismo: la lista m\u00e1s completa para no perderte en el 2021. Recuperado de <a href=\"https:\/\/www.mabelcajal.com\/2019\/04\/tipos-de-turismo.html\/\">https:\/\/www.mabelcajal.com\/2019\/04\/tipos-de-turismo.html\/<\/a><\/p>\n\n\n\n<p><a href=\"#_ftnref1\">[4]<\/a> Turismo y Animales. Recuperado de <a href=\"http:\/\/turismo-responsable.com\/s64\">http:\/\/turismo-responsable.com\/s64<\/a><\/p>\n","protected":false},"excerpt":{"rendered":"<p>Es un ave muy peque\u00f1a y llamativa por sus colores, por lo general es negra y con la cabeza azul brillante y el hombro beige, son muy comunes en las estribaciones andinas, con una poblaci\u00f3n dispersa en tierras bajas brasile\u00f1as.<\/p>\n","protected":false},"author":1,"featured_media":5225,"comment_status":"open","ping_status":"open","sticky":false,"template":"","format":"standard","meta":{"_monsterinsights_skip_tracking":false,"_monsterinsights_sitenote_active":false,"_monsterinsights_sitenote_note":"","_monsterinsights_sitenote_category":0,"footnotes":""},"categories":[79],"tags":[80],"class_list":["post-5217","post","type-post","status-publish","format-standard","has-post-thumbnail","hentry","category-aves","tag-aves"],"aioseo_notices":[],"_links":{"self":[{"href":"https:\/\/pajareando.co\/index.php\/wp-json\/wp\/v2\/posts\/5217","targetHints":{"allow":["GET"]}}],"collection":[{"href":"https:\/\/pajareando.co\/index.php\/wp-json\/wp\/v2\/posts"}],"about":[{"href":"https:\/\/pajareando.co\/index.php\/wp-json\/wp\/v2\/types\/post"}],"author":[{"embeddable":true,"href":"https:\/\/pajareando.co\/index.php\/wp-json\/wp\/v2\/users\/1"}],"replies":[{"embeddable":true,"href":"https:\/\/pajareando.co\/index.php\/wp-json\/wp\/v2\/comments?post=5217"}],"version-history":[{"count":4,"href":"https:\/\/pajareando.co\/index.php\/wp-json\/wp\/v2\/posts\/5217\/revisions"}],"predecessor-version":[{"id":5301,"href":"https:\/\/pajareando.co\/index.php\/wp-json\/wp\/v2\/posts\/5217\/revisions\/5301"}],"wp:featuredmedia":[{"embeddable":true,"href":"https:\/\/pajareando.co\/index.php\/wp-json\/wp\/v2\/media\/5225"}],"wp:attachment":[{"href":"https:\/\/pajareando.co\/index.php\/wp-json\/wp\/v2\/media?parent=5217"}],"wp:term":[{"taxonomy":"category","embeddable":true,"href":"https:\/\/pajareando.co\/index.php\/wp-json\/wp\/v2\/categories?post=5217"},{"taxonomy":"post_tag","embeddable":true,"href":"https:\/\/pajareando.co\/index.php\/wp-json\/wp\/v2\/tags?post=5217"}],"curies":[{"name":"wp","href":"https:\/\/api.w.org\/{rel}","templated":true}]}}